
{"id":38084,"date":"2024-04-19T13:28:08","date_gmt":"2024-04-19T11:28:08","guid":{"rendered":"https:\/\/marinabadalona.cat\/?p=38084"},"modified":"2024-04-19T13:28:08","modified_gmt":"2024-04-19T11:28:08","slug":"retransmissio-en-streaming-per-veure-el-cel-en-temps-real-en-diferents-indrets-despanya-al-port-de-badalona","status":"publish","type":"post","link":"https:\/\/marinabadalona.cat\/en\/2024\/04\/19\/retransmissio-en-streaming-per-veure-el-cel-en-temps-real-en-diferents-indrets-despanya-al-port-de-badalona\/","title":{"rendered":"Retransmissi\u00f3 en \u2018streaming\u2019 per veure el cel en temps real en diferents indrets d\u2019Espanya al Port de Badalona"},"content":{"rendered":"<ul>\n<li>Activitat gratu\u00efta al Port de Badalona, el proper dissabte 20 d\u2019abril, a partir de les 20.00 hores, organitzada per Nautic Ocean.<\/li>\n<li>A trav\u00e9s d\u2019una connexi\u00f3 en directe es podr\u00e0 veure el cel de tots els territoris del projecte \u201cSea Starliht\u201d.<\/li>\n<li>\u00c9s necessari fer una reserva pr\u00e8via: <a href=\"http:\/\/seastarlight.gr8.com\">http:\/\/seastarlight.gr8.com<\/a>.<\/li>\n<li>L\u2019objectiu del projecte i de la iniciativa \u00e9s posar en valor el medi natural del nostre entorn, tant el celeste com el mar\u00ed, estretament interrelacionats.<\/li>\n<\/ul>\n<p>&nbsp;<\/p>\n<p style=\"text-align: justify;\">El proper dissabte, 20 d\u2019abril, en el marc del XVII l\u2019Aniversari de la Declaraci\u00f3 Starlight a l\u2019illa de La Palma, el Port de Badalona acollir\u00e0 una retransmissi\u00f3 en \u2018streaming\u2019 per veure el cel de tots els territoris del projecte \u201cSea Starlight\u201d. Les persones que hi participin podran descobrir estels, astres i constel\u00b7lacions, i com es vinculen amb la navegaci\u00f3.<\/p>\n<p style=\"text-align: justify;\">L\u2019activitat l\u2019organitza un dels operadors del Port, el centre Nautic Ocean, que lidera el projecte estatal \u201cSea Starlight\u201d. Consistir\u00e0 en enlla\u00e7ar amb les diferents seus territorials de tota Espanya, que en l\u2019\u00e0mbit de Catalunya es desenvolupa a Badalona. Des d\u2019aqu\u00ed, es podr\u00e0 contemplar el mateix cel que es veu en aquell moment, des del mar, a bord d\u2019embarcacions.<\/p>\n<p style=\"text-align: justify;\">La connexi\u00f3 a l\u2019activitat ser\u00e0 a les 20.00 h i la reserva per accedir a l\u2019enlla\u00e7 s\u2019ha de fer a: <a href=\"http:\/\/seastarlight.gr8.com\">http:\/\/seastarlight.gr8.com<\/a>.<\/p>\n<p><strong>El dret a gaudir de la llum dels estels<\/strong><\/p>\n<p style=\"text-align: justify;\">La uni\u00f3 de mar i cel ha fet possible aquesta activitat d\u2019astroturisme amb base al Port de Badalona. La idea \u00e9s valorar el medi natural del nostre entorn, tant el mar\u00ed com el celeste, estretament interrelacionats.<\/p>\n<p style=\"text-align: justify;\">La Declaraci\u00f3 Internacional sobre la Defensa del Cel Nocturn i el Dret a la Llum de les Estrelles es va aprovar a l\u2019illa de La Palma l\u2019abril de 2007. A partir d\u2019aquesta iniciativa, es va crear la Fundaci\u00f3 Starlight, que protegeix aquests principis de manera activa i promou activitats formatives i divulgatives adre\u00e7ades a diferents sectors. El seu objectiu \u00e9s valorar i protegir la qualitat del cel estelat, estendre l\u2019afici\u00f3 a l\u2019astronomia a la societat i generar economia en torn a la contemplaci\u00f3 i interpretaci\u00f3 del cel estrellat.<\/p>\n<p style=\"text-align: justify;\">L\u2019acreditaci\u00f3 Starlight per l\u2019illa de La Palma va marcar una fita de comprom\u00eds internacional en la defensa del cel nocturn i del dret a gaudir de la llum dels estels.<\/p>\n","protected":false},"excerpt":{"rendered":"<p>Activitat gratu\u00efta al Port de Badalona, el proper dissabte 20 d\u2019abril, a partir de les 20.00 hores, organitzada per Nautic Ocean. A trav\u00e9s d\u2019una connexi\u00f3 en directe es podr\u00e0 veure el cel de tots els territoris del projecte \u201cSea Starliht\u201d. \u00c9s necessari fer una reserva pr\u00e8via: http:\/\/seastarlight.gr8.com. L\u2019objectiu del projecte i de la iniciativa \u00e9s posar en valor el medi natural del nostre entorn, tant el celeste com el mar\u00ed, estretament interrelacionats. &nbsp; El proper dissabte, 20 d\u2019abril, en el marc del XVII l\u2019Aniversari de la Declaraci\u00f3 Starlight a l\u2019illa de La Palma, el Port de Badalona acollir\u00e0 una retransmissi\u00f3 en \u2018streaming\u2019 per veure el cel de tots els territoris del projecte \u201cSea Starlight\u201d. Les persones que hi participin podran descobrir estels, astres i constel\u00b7lacions, i com es vinculen amb la navegaci\u00f3. L\u2019activitat l\u2019organitza un dels operadors del Port, el centre Nautic Ocean, que lidera el projecte estatal \u201cSea Starlight\u201d. Consistir\u00e0 en enlla\u00e7ar amb les diferents seus territorials de tota Espanya, que en l\u2019\u00e0mbit de Catalunya es desenvolupa a Badalona. Des d\u2019aqu\u00ed, es podr\u00e0 contemplar el mateix cel que es veu en aquell moment, des del mar, a bord d\u2019embarcacions. La connexi\u00f3 a l\u2019activitat ser\u00e0 a les 20.00 h i [&hellip;]<\/p>\n","protected":false},"author":3,"featured_media":38075,"comment_status":"open","ping_status":"open","sticky":false,"template":"","format":"standard","meta":{"footnotes":""},"categories":[81,80],"tags":[],"class_list":["post-38084","post","type-post","status-publish","format-standard","has-post-thumbnail","hentry","category-current","category-news"],"_links":{"self":[{"href":"https:\/\/marinabadalona.cat\/en\/wp-json\/wp\/v2\/posts\/38084","targetHints":{"allow":["GET"]}}],"collection":[{"href":"https:\/\/marinabadalona.cat\/en\/wp-json\/wp\/v2\/posts"}],"about":[{"href":"https:\/\/marinabadalona.cat\/en\/wp-json\/wp\/v2\/types\/post"}],"author":[{"embeddable":true,"href":"https:\/\/marinabadalona.cat\/en\/wp-json\/wp\/v2\/users\/3"}],"replies":[{"embeddable":true,"href":"https:\/\/marinabadalona.cat\/en\/wp-json\/wp\/v2\/comments?post=38084"}],"version-history":[{"count":1,"href":"https:\/\/marinabadalona.cat\/en\/wp-json\/wp\/v2\/posts\/38084\/revisions"}],"predecessor-version":[{"id":38086,"href":"https:\/\/marinabadalona.cat\/en\/wp-json\/wp\/v2\/posts\/38084\/revisions\/38086"}],"wp:featuredmedia":[{"embeddable":true,"href":"https:\/\/marinabadalona.cat\/en\/wp-json\/wp\/v2\/media\/38075"}],"wp:attachment":[{"href":"https:\/\/marinabadalona.cat\/en\/wp-json\/wp\/v2\/media?parent=38084"}],"wp:term":[{"taxonomy":"category","embeddable":true,"href":"https:\/\/marinabadalona.cat\/en\/wp-json\/wp\/v2\/categories?post=38084"},{"taxonomy":"post_tag","embeddable":true,"href":"https:\/\/marinabadalona.cat\/en\/wp-json\/wp\/v2\/tags?post=38084"}],"curies":[{"name":"wp","href":"https:\/\/api.w.org\/{rel}","templated":true}]}}