
{"id":23230,"date":"2022-04-22T09:41:45","date_gmt":"2022-04-22T09:41:45","guid":{"rendered":"https:\/\/marinabadalona.cat\/es\/2022\/04\/22\/metamodel-port-digital-sostenible\/"},"modified":"2022-04-22T10:53:00","modified_gmt":"2022-04-22T10:53:00","slug":"metamodelo-pierto-digital-sostenible","status":"publish","type":"post","link":"https:\/\/marinabadalona.cat\/es\/2022\/04\/22\/metamodelo-pierto-digital-sostenible\/","title":{"rendered":"\u00abMetamodelo del Puerto Digital Sostenible\u00bb, tema de la jornada de la Mobile Week Catalu\u00f1a 2022"},"content":{"rendered":"<div class=\"wpb-content-wrapper\"><p>[vc_row][vc_column width=\u00bb1\/1&#8243;][vc_column_text]El Puerto de Badalona acoge el martes la jornada de presentaci\u00f3n de la Mobile Week 2022 en la ciudad a cargo de \u00c0lex Montorn\u00e8s, primer teniente de alcalde de Impulso Econ\u00f3mico y Reconstrucci\u00f3n Covid del Ayuntamiento de Badalona. Acompa\u00f1ar\u00e1n Montorn\u00e8s, Merc\u00e8 Rius, directora general de Transportes y Movilidad de la Generaitat de Catalunya, Christian Carneado, 6o Teniente de Alcald\u00eda y \u00a0concejal del \u00c1mbito de Gobierno y Seguridad del Ayuntamiento de Badalona e Imanol Sanz, gerente de Marina Badalona. Ser\u00e1 a las 10.00h, para continuar con la aportaci\u00f3n de Marina de Badalona a estas jornadas con la conferencia \u201cMetamodelo del Puerto Digital Sostenible\u201d en la que Llu\u00eds Mart\u00edn, consultor en transformaci\u00f3n digital, expondr\u00e1 el estudio y la implementaci\u00f3n de las herramientas de control digital de los puertos deportivos y tur\u00edsticos de Catalunya. El objetivo es hacer una gesti\u00f3n m\u00e1s eficaz, atractiva, segura y sostenible y fomentar el desarrollo hacia la gesti\u00f3n aut\u00f3noma de estas infraestructuras. La ponencia se complementa con una mesa redonda en la que participaran Merc\u00e8 Rius, Jordi Ortiz, director general de Secartys, \u00a0Ricardo Vallespir, responsable de transformaci\u00f3n digital de la Cambra de Comer\u00e7 del Barcelon\u00e8s Nord, Roger Llovet, responsable de The Blue Guest, y Lourdes Mu\u00f1oz, presidenta de la iniciativa Barcelona Open Data.<\/p>\n<p>En la segunda edici\u00f3n de la Mobile Week Badalona, la ciudad organiza 34 actividades entre el 25 y el 30 de abril. Durante estos d\u00edas se celebraran 22 conferencias y 12 talleres para todo tipo de p\u00fablico y dividido en tres tem\u00e1ticas principales: derechos y responsabilidades digitales, habilidades profesionales digitales y el papel de la educaci\u00f3n y, finalmente, cultura, creatividad, entretenimiento y nuevos formatos digitales. Como cierre, Badalona celebrar\u00e1 un family day en el que se organizar\u00e1 un scape room para acercar la tecnolog\u00eda y la ciencia a peque\u00f1os y grandes e introducir\u00a0 el papel de la mujer en las profesiones STEAM.<\/p>\n<p>La Mobile Week es una iniciativa nacida en el a\u00f1o 2021 de la mano de la Fundaci\u00f3n Mobile World Capital Barcelona en \u00a0colaboraci\u00f3n con la Generalitat de Catalunya. Su objetivo es ofrecer a las ciudades catalanas participantes en la Mobile Week, recibiendo muy buena acogida por parte de la ciudadan\u00eda.<\/p>\n<p>El acto es abierto pero se ha de hacer reserva previa a trav\u00e9s de este<a href=\"https:\/\/mweek.com\/event\/metamodel-del-port-digital-sostenible\/\" target=\"_blank\" rel=\"noopener\"> formulario de inscripci\u00f3n<\/a>.[\/vc_column_text][\/vc_column][\/vc_row][vc_row][vc_column width=\u00bb1\/1&#8243;]<div class=\"single_image wpb_content_element align-center    \" data-animation=\"none\" data-delay=\"0\"><img loading=\"lazy\" decoding=\"async\" width=\"450\" height=\"300\" src=\"https:\/\/marinabadalona.cat\/wp-content\/uploads\/2022\/04\/Mobile-Week-Barcelona2022.jpg\" class=\"attachment-full\" alt=\"\" title=\"Mobile-Week-Barcelona2022\" srcset=\"https:\/\/marinabadalona.cat\/wp-content\/uploads\/2022\/04\/Mobile-Week-Barcelona2022.jpg 450w, https:\/\/marinabadalona.cat\/wp-content\/uploads\/2022\/04\/Mobile-Week-Barcelona2022-300x200.jpg 300w, https:\/\/marinabadalona.cat\/wp-content\/uploads\/2022\/04\/Mobile-Week-Barcelona2022-391x260.jpg 391w\" sizes=\"auto, (max-width: 450px) 100vw, 450px\" \/><\/div>[\/vc_column][\/vc_row]<\/p>\n<\/div>","protected":false},"excerpt":{"rendered":"<p>[vc_row][vc_column width=\u00bb1\/1&#8243;][vc_column_text]El Puerto de Badalona acoge el martes la jornada de presentaci\u00f3n de la Mobile Week 2022 en la ciudad a cargo de \u00c0lex Montorn\u00e8s, primer teniente de alcalde de Impulso Econ\u00f3mico y Reconstrucci\u00f3n Covid del Ayuntamiento de Badalona. Acompa\u00f1ar\u00e1n Montorn\u00e8s, Merc\u00e8 Rius, directora general de Transportes y Movilidad de la Generaitat de Catalunya, Christian Carneado, 6o Teniente de Alcald\u00eda y \u00a0concejal del \u00c1mbito de Gobierno y Seguridad del Ayuntamiento de Badalona e Imanol Sanz, gerente de Marina Badalona. Ser\u00e1 a las 10.00h, para continuar con la aportaci\u00f3n de Marina de Badalona a estas jornadas con la conferencia \u201cMetamodelo del Puerto Digital Sostenible\u201d en la que Llu\u00eds Mart\u00edn, consultor en transformaci\u00f3n digital, expondr\u00e1 el estudio y la implementaci\u00f3n de las herramientas de control digital de los puertos deportivos y tur\u00edsticos de Catalunya. El objetivo es hacer una gesti\u00f3n m\u00e1s eficaz, atractiva, segura y sostenible y fomentar el desarrollo hacia la gesti\u00f3n aut\u00f3noma de estas infraestructuras. La ponencia se complementa con una mesa redonda en la que participaran Merc\u00e8 Rius, Jordi Ortiz, director general de Secartys, \u00a0Ricardo Vallespir, responsable de transformaci\u00f3n digital de la Cambra de Comer\u00e7 del Barcelon\u00e8s Nord, Roger Llovet, responsable de The Blue Guest, y Lourdes Mu\u00f1oz, presidenta [&hellip;]<\/p>\n","protected":false},"author":3,"featured_media":23218,"comment_status":"closed","ping_status":"closed","sticky":false,"template":"","format":"standard","meta":{"footnotes":""},"categories":[85,1],"tags":[],"class_list":["post-23230","post","type-post","status-publish","format-standard","has-post-thumbnail","hentry","category-actualidad","category-sin-categoria"],"_links":{"self":[{"href":"https:\/\/marinabadalona.cat\/es\/wp-json\/wp\/v2\/posts\/23230","targetHints":{"allow":["GET"]}}],"collection":[{"href":"https:\/\/marinabadalona.cat\/es\/wp-json\/wp\/v2\/posts"}],"about":[{"href":"https:\/\/marinabadalona.cat\/es\/wp-json\/wp\/v2\/types\/post"}],"author":[{"embeddable":true,"href":"https:\/\/marinabadalona.cat\/es\/wp-json\/wp\/v2\/users\/3"}],"replies":[{"embeddable":true,"href":"https:\/\/marinabadalona.cat\/es\/wp-json\/wp\/v2\/comments?post=23230"}],"version-history":[{"count":0,"href":"https:\/\/marinabadalona.cat\/es\/wp-json\/wp\/v2\/posts\/23230\/revisions"}],"wp:featuredmedia":[{"embeddable":true,"href":"https:\/\/marinabadalona.cat\/es\/wp-json\/wp\/v2\/media\/23218"}],"wp:attachment":[{"href":"https:\/\/marinabadalona.cat\/es\/wp-json\/wp\/v2\/media?parent=23230"}],"wp:term":[{"taxonomy":"category","embeddable":true,"href":"https:\/\/marinabadalona.cat\/es\/wp-json\/wp\/v2\/categories?post=23230"},{"taxonomy":"post_tag","embeddable":true,"href":"https:\/\/marinabadalona.cat\/es\/wp-json\/wp\/v2\/tags?post=23230"}],"curies":[{"name":"wp","href":"https:\/\/api.w.org\/{rel}","templated":true}]}}