
{"id":32904,"date":"2022-11-08T15:13:39","date_gmt":"2022-11-08T14:13:39","guid":{"rendered":"https:\/\/marinabadalona.cat\/?p=32904"},"modified":"2022-11-08T15:13:39","modified_gmt":"2022-11-08T14:13:39","slug":"la-flota-de-la-fundacion-nao-victoria-recala-en-badalona-y-el-pailebote-pascual-flores-ofrece-salidas-el-fin-de-semana","status":"publish","type":"post","link":"https:\/\/marinabadalona.cat\/es\/2022\/11\/08\/la-flota-de-la-fundacion-nao-victoria-recala-en-badalona-y-el-pailebote-pascual-flores-ofrece-salidas-el-fin-de-semana\/","title":{"rendered":"La  flota de la Fundaci\u00f3n Nao Victoria recala en Badalona y el pailebote Pascual Flores  ofrece salidas el fin de semana"},"content":{"rendered":"<div class=\"wpb-content-wrapper\"><p>[vc_row][vc_column width=\u00bb1\/1&#8243;][vc_column_text]Badalona acoge hasta el domingo tres buques que difunden por todo el mundo la importancia de la recuperaci\u00f3n y el mantenimiento de la cultura mar\u00edtima a partir de la reproducci\u00f3n y actividad a bordo de embarcaciones cl\u00e1sicas. Se trata del Gale\u00f3n Andaluc\u00eda, de la Nao Victoria y del pailebote Pascual Flores.<\/p>\n<p>El pailebote Pascual Flores es un buque original de 1917 que se restaur\u00f3 en el 2008, que cada temporada navega miles de millas alrededor de Espa\u00f1a y de Europa. Con una eslora de 34 metros y una manca de 8,60 m, en sus or\u00edgenes se dedic\u00f3 a la exportaci\u00f3n de frutas, sal i al cabotaje en general tanto por los puertos y fondeaderos mediterr\u00e1neos, como en la costa norte y oeste de \u00c1frica<\/p>\n<p>.Actualmente se dedica a hacer salidas de navegaci\u00f3n a vela con p\u00fablico, bautizos de mar por la costa de una duraci\u00f3n aproximada de tres horas. Esta es la propuesta para Badalona para el viernes 11, s\u00e1bado 12 y domingo 13 de noviembre. Est\u00e1n fijadas a las 10.00h y a las 16.00h, se han de reservar directamente en la web de la Fundaci\u00f3n, en este enlace. Las plazas para cada salida son de 35 personas, de manera que la recomendaci\u00f3n de la organizaci\u00f3n es reservar con agilidad. Se hacen directamente en la web de la Fundaci\u00f3n, que gestiona estas salidas con Vela Cuadra. Informaci\u00f3n y reservas de las condiciones: <a href=\"http:\/\/www.velacuadra.es\">www.velacuadra.es<\/a> navegando hasta la casilla de venta de tiquets con la referencia Festival a Badalona.<\/p>\n<p>El Pascual Flores es la embarcaci\u00f3n m\u00e1s diferente de las otras dos embarcaciones que hay en el Puerto de Badalona, el Gale\u00f3n Andaluc\u00eda y la Nao Victoria. Y es que el pailebote no forma parte del patrimonio propio de la Fundaci\u00f3n sino que pertenece al Ayuntamiento de Torrevieja que tiene un convenio\u00a0 con la Fundaci\u00f3n para que forme parte de las giras de su flota promocionando el turismo y la cultura de la ciudad de Levante\u00a0 y para compartir la historio de los pailebotes como transportadores de sal.<\/p>\n<p>El pailebote Pascual Flores, el Gale\u00f3n Andaluc\u00eda y la Nao Victoria recalaran en el Puerto de Badalona desde el lunes 7 a la tarde hasta el domingo 11, cuando vuelva de la \u00faltima navegaci\u00f3n con p\u00fablico, y provienen de una estancia similar en el Puerto de Arenys hace unos d\u00edas y se dirigir\u00e1n al Port Vell de Barcelona, coincidiendo con la goleta G\u00f6teborg.<\/p>\n<p>El m\u00e1s espectacular de los tres buques, por sus dimensiones, es el Gale\u00f3n Andaluc\u00eda, una r\u00e9plica de las embarcaciones del siglo XVII que se construy\u00f3 en el 2010 con una eslora de 55 metros, 10,09 de manga y una superficie de velas de 930 m2. La embarcaci\u00f3n rememora las rutas comerciales y culturales realizadas entre Espa\u00f1a, Am\u00e9rica y Filipinas y no se puede visitar ni saldr\u00e1 a navegar en esta cita en Badalona.<\/p>\n<p>La Nao Victoria completa la terna. Se construy\u00f3 expresamente para la Exposici\u00f3n Universal de Sevilla del 1992, y tiene 26 metros de eslora y 7 de manga, con una superficie de vela de 290m2. Tiene una gran importancia en la historia dela navegaci\u00f3n porque es una r\u00e9plica del buque con el que Juan Sebasti\u00e1n Elcano hizo la primera vuelta al mundo (1519-1522) de la que ahora se cumplen 500 a\u00f1os. En esta recalada no se puede visitar, pero se trabaja para cerrar una visita de m\u00e1s d\u00edas con puertas abiertas y actividades.<\/p>\n<p>En este sentido, subrayar que la ciudad prepara para el primer fin de semana de las Fiestas de Mayo, los d\u00edas 6 y 7 de mayo, un Festival del Mar que concentrar\u00e1 embarcaciones cl\u00e1sicas de estas caracter\u00edsticas, entre las que, evidentemente, el queche Ciutat Badalona ejercer\u00e1 de anfitri\u00f3n. De entre los cl\u00e1sicos que ya han confirmado est\u00e1 el pailebote Santa Eul\u00e0lia, del Museu Mar\u00edtim de Barcelona, &#8211; muy similar al Pascual Flores- entidad que forma parte del equipo organizador del encuentro en Badalona.[\/vc_column_text][\/vc_column][\/vc_row]<\/p>\n<\/div>","protected":false},"excerpt":{"rendered":"<p>[vc_row][vc_column width=\u00bb1\/1&#8243;][vc_column_text]Badalona acoge hasta el domingo tres buques que difunden por todo el mundo la importancia de la recuperaci\u00f3n y el mantenimiento de la cultura mar\u00edtima a partir de la reproducci\u00f3n y actividad a bordo de embarcaciones cl\u00e1sicas. Se trata del Gale\u00f3n Andaluc\u00eda, de la Nao Victoria y del pailebote Pascual Flores. El pailebote Pascual Flores es un buque original de 1917 que se restaur\u00f3 en el 2008, que cada temporada navega miles de millas alrededor de Espa\u00f1a y de Europa. Con una eslora de 34 metros y una manca de 8,60 m, en sus or\u00edgenes se dedic\u00f3 a la exportaci\u00f3n de frutas, sal i al cabotaje en general tanto por los puertos y fondeaderos mediterr\u00e1neos, como en la costa norte y oeste de \u00c1frica .Actualmente se dedica a hacer salidas de navegaci\u00f3n a vela con p\u00fablico, bautizos de mar por la costa de una duraci\u00f3n aproximada de tres horas. Esta es la propuesta para Badalona para el viernes 11, s\u00e1bado 12 y domingo 13 de noviembre. Est\u00e1n fijadas a las 10.00h y a las 16.00h, se han de reservar directamente en la web de la Fundaci\u00f3n, en este enlace. Las plazas para cada salida son de 35 personas, de [&hellip;]<\/p>\n","protected":false},"author":1,"featured_media":32902,"comment_status":"open","ping_status":"open","sticky":false,"template":"","format":"standard","meta":{"footnotes":""},"categories":[85,84],"tags":[],"class_list":["post-32904","post","type-post","status-publish","format-standard","has-post-thumbnail","hentry","category-actualidad","category-noticias"],"_links":{"self":[{"href":"https:\/\/marinabadalona.cat\/es\/wp-json\/wp\/v2\/posts\/32904","targetHints":{"allow":["GET"]}}],"collection":[{"href":"https:\/\/marinabadalona.cat\/es\/wp-json\/wp\/v2\/posts"}],"about":[{"href":"https:\/\/marinabadalona.cat\/es\/wp-json\/wp\/v2\/types\/post"}],"author":[{"embeddable":true,"href":"https:\/\/marinabadalona.cat\/es\/wp-json\/wp\/v2\/users\/1"}],"replies":[{"embeddable":true,"href":"https:\/\/marinabadalona.cat\/es\/wp-json\/wp\/v2\/comments?post=32904"}],"version-history":[{"count":0,"href":"https:\/\/marinabadalona.cat\/es\/wp-json\/wp\/v2\/posts\/32904\/revisions"}],"wp:featuredmedia":[{"embeddable":true,"href":"https:\/\/marinabadalona.cat\/es\/wp-json\/wp\/v2\/media\/32902"}],"wp:attachment":[{"href":"https:\/\/marinabadalona.cat\/es\/wp-json\/wp\/v2\/media?parent=32904"}],"wp:term":[{"taxonomy":"category","embeddable":true,"href":"https:\/\/marinabadalona.cat\/es\/wp-json\/wp\/v2\/categories?post=32904"},{"taxonomy":"post_tag","embeddable":true,"href":"https:\/\/marinabadalona.cat\/es\/wp-json\/wp\/v2\/tags?post=32904"}],"curies":[{"name":"wp","href":"https:\/\/api.w.org\/{rel}","templated":true}]}}