
{"id":35170,"date":"2023-06-09T10:31:15","date_gmt":"2023-06-09T08:31:15","guid":{"rendered":"https:\/\/marinabadalona.cat\/?p=35170"},"modified":"2023-06-09T10:31:19","modified_gmt":"2023-06-09T08:31:19","slug":"el-quetx-pone-rumbo-a-calafell-para-participar-en-la-festa-de-la-mar-de-catalunya","status":"publish","type":"post","link":"https:\/\/marinabadalona.cat\/es\/2023\/06\/09\/el-quetx-pone-rumbo-a-calafell-para-participar-en-la-festa-de-la-mar-de-catalunya\/","title":{"rendered":"El Quetx pone rumbo a Calafell para participar en la Festa de la Mar de Catalunya"},"content":{"rendered":"\n<p>El\u00a0Quetx\u00a0Ciutat de Badalona ha salido este viernes, 9 de junio del Puerto de Badalona con destino a Calafell, donde participar\u00e1 hasta el domingo 11 en la Festa de la Mar de Catalunya.<br>La Festa de la Mar, que este a\u00f1o llega a la <strong>sexta edici\u00f3n<\/strong>, es un acontecimiento que se organiza bianualmente para la difusi\u00f3n del patrimonio y las tradiciones marinas del Mediterr\u00e1neo. Adem\u00e1s del\u00a0Quetx\u00a0Ciutat de Badalona, por esta edici\u00f3n <strong>participar\u00e1n alrededor de 100 embarcaciones<\/strong> procedentes de diferentes puntos geogr\u00e1ficos.<\/p>\n\n\n<div class=\"wp-block-image\">\n<figure class=\"aligncenter size-full is-resized\"><img loading=\"lazy\" decoding=\"async\" src=\"https:\/\/marinabadalona.cat\/wp-content\/uploads\/2023\/06\/festa-de-la-mar-1.jpg\" alt=\"\" class=\"wp-image-35171\" width=\"422\" height=\"237\" srcset=\"https:\/\/marinabadalona.cat\/wp-content\/uploads\/2023\/06\/festa-de-la-mar-1.jpg 320w, https:\/\/marinabadalona.cat\/wp-content\/uploads\/2023\/06\/festa-de-la-mar-1-300x169.jpg 300w\" sizes=\"auto, (max-width: 422px) 100vw, 422px\" \/><\/figure>\n<\/div>\n\n\n<p>La fiesta tiene como objetivo <strong>poner en valor el patrimonio mar\u00edtimo catal\u00e1n<\/strong>, hacer difusi\u00f3n y establecer una relaci\u00f3n sostenible con el medio marino gracias a la implicaci\u00f3n ciudadana.<br>La VI edici\u00f3n de la Festa de la Mar ofrece <strong>numerosas actividades<\/strong>, talleres, feria gastron\u00f3mica, m\u00fasica y exposiciones diversas. Se trata de un encuentro dirigido para todos los p\u00fablicos, a pesar de que tambi\u00e9n cuenta con una parte dedicada al p\u00fablico m\u00e1s especializado.<\/p>\n","protected":false},"excerpt":{"rendered":"<p>El\u00a0Quetx\u00a0Ciutat de Badalona ha salido este viernes, 9 de junio del Puerto de Badalona con destino a Calafell, donde participar\u00e1 hasta el domingo 11 en la Festa de la Mar de Catalunya.La Festa de la Mar, que este a\u00f1o llega a la sexta edici\u00f3n, es un acontecimiento que se organiza bianualmente para la difusi\u00f3n del patrimonio y las tradiciones marinas del Mediterr\u00e1neo. Adem\u00e1s del\u00a0Quetx\u00a0Ciutat de Badalona, por esta edici\u00f3n participar\u00e1n alrededor de 100 embarcaciones procedentes de diferentes puntos geogr\u00e1ficos. La fiesta tiene como objetivo poner en valor el patrimonio mar\u00edtimo catal\u00e1n, hacer difusi\u00f3n y establecer una relaci\u00f3n sostenible con el medio marino gracias a la implicaci\u00f3n ciudadana.La VI edici\u00f3n de la Festa de la Mar ofrece numerosas actividades, talleres, feria gastron\u00f3mica, m\u00fasica y exposiciones diversas. Se trata de un encuentro dirigido para todos los p\u00fablicos, a pesar de que tambi\u00e9n cuenta con una parte dedicada al p\u00fablico m\u00e1s especializado.<\/p>\n","protected":false},"author":3,"featured_media":35164,"comment_status":"open","ping_status":"open","sticky":false,"template":"","format":"standard","meta":{"footnotes":""},"categories":[85,84],"tags":[177,175,172,176],"class_list":["post-35170","post","type-post","status-publish","format-standard","has-post-thumbnail","hentry","category-actualidad","category-noticias","tag-calafell","tag-festa-de-la-mar","tag-puerto","tag-quetx"],"_links":{"self":[{"href":"https:\/\/marinabadalona.cat\/es\/wp-json\/wp\/v2\/posts\/35170","targetHints":{"allow":["GET"]}}],"collection":[{"href":"https:\/\/marinabadalona.cat\/es\/wp-json\/wp\/v2\/posts"}],"about":[{"href":"https:\/\/marinabadalona.cat\/es\/wp-json\/wp\/v2\/types\/post"}],"author":[{"embeddable":true,"href":"https:\/\/marinabadalona.cat\/es\/wp-json\/wp\/v2\/users\/3"}],"replies":[{"embeddable":true,"href":"https:\/\/marinabadalona.cat\/es\/wp-json\/wp\/v2\/comments?post=35170"}],"version-history":[{"count":0,"href":"https:\/\/marinabadalona.cat\/es\/wp-json\/wp\/v2\/posts\/35170\/revisions"}],"wp:featuredmedia":[{"embeddable":true,"href":"https:\/\/marinabadalona.cat\/es\/wp-json\/wp\/v2\/media\/35164"}],"wp:attachment":[{"href":"https:\/\/marinabadalona.cat\/es\/wp-json\/wp\/v2\/media?parent=35170"}],"wp:term":[{"taxonomy":"category","embeddable":true,"href":"https:\/\/marinabadalona.cat\/es\/wp-json\/wp\/v2\/categories?post=35170"},{"taxonomy":"post_tag","embeddable":true,"href":"https:\/\/marinabadalona.cat\/es\/wp-json\/wp\/v2\/tags?post=35170"}],"curies":[{"name":"wp","href":"https:\/\/api.w.org\/{rel}","templated":true}]}}