
{"id":36863,"date":"2023-07-11T14:27:04","date_gmt":"2023-07-11T12:27:04","guid":{"rendered":"https:\/\/marinabadalona.cat\/2023\/07\/11\/el-puerto-de-badalona-apuesta-por-la-economia-azul-con-un-nuevo-hub-en-el-muelle-de-capitania\/"},"modified":"2023-07-11T14:27:04","modified_gmt":"2023-07-11T12:27:04","slug":"el-puerto-de-badalona-apuesta-por-la-economia-azul-con-un-nuevo-hub-en-el-muelle-de-capitania","status":"publish","type":"post","link":"https:\/\/marinabadalona.cat\/es\/2023\/07\/11\/el-puerto-de-badalona-apuesta-por-la-economia-azul-con-un-nuevo-hub-en-el-muelle-de-capitania\/","title":{"rendered":"El puerto de Badalona apuesta por la econom\u00eda azul con un nuevo hub en el muelle de Capitan\u00eda"},"content":{"rendered":"\n<p>Badalona, \u200b\u200b11 de julio de 2023. El Puerto de Badalona avanza en su reconversi\u00f3n hacia la econom\u00eda azul. En este sentido, una de las l\u00edneas estrat\u00e9gicas del puerto del futuro es ser el polo de desarrollo econ\u00f3mico y social de la ciudad y consolidarse y convertirse en punto de atracci\u00f3n de referencia en digitalizaci\u00f3n. Para cumplir este objetivo el puerto trabaja desde hace a\u00f1os en su posicionamiento como referente en la econom\u00eda azul y como centro de captaci\u00f3n de talento, de competitividad y de nuevas industrias.<\/p>\n\n<p>El nuevo plan especial de usos del puerto, que inici\u00f3 su tramitaci\u00f3n en 2022 con un extenso proceso participativo, hace especial \u00e9nfasis en convertir el puerto de Badalona en un polo de desarrollo digital en el \u00e1mbito del mar. Por eso, sus responsables trabajan en la reconversi\u00f3n de las instalaciones del muelle de Capitan\u00eda en un hub dedicado \u00edntegramente a la econom\u00eda azul que reconozca la importancia del mar y los oc\u00e9anos como motor de la econom\u00eda desde una vertiente sostenible.<\/p>\n\n<p><strong>El puerto de Badalona, referente en I+D+i<\/strong><\/p>\n\n<p>En este nuevo espacio se contempla habilitar un coworking de 4000 m2 y un espacio de oficinas para la instalaci\u00f3n de startups y profesionales. Imanol Sanz, gerente de Marina Badalona, \u200b\u200bafirma que estas instalaciones \u201cestar\u00e1n dedicadas \u00edntegramente a la econom\u00eda azul y las nuevas tecnolog\u00edas aplicadas a los recursos y oportunidades que ofrece la n\u00e1utica y el mar\u201d y por eso se incentivar\u00e1 la presencia de empresas del sector mar\u00edtimo que aporten innovaci\u00f3n e investigaci\u00f3n en el \u00e1mbito de los sectores azules. En los \u00faltimos meses el puerto ha recibido varias ofertas de empresas interesadas en instalarse en las futuras oficinas enfocadas a I+D+i y que se sumar\u00edan a las ya existentes.<\/p>\n\n<figure class=\"wp-block-image size-large\"><img loading=\"lazy\" decoding=\"async\" width=\"1024\" height=\"682\" src=\"https:\/\/marinabadalona.cat\/wp-content\/uploads\/2023\/07\/MG_1901-Web-1-1024x682.jpg\" alt=\"\" class=\"wp-image-36858\" srcset=\"https:\/\/marinabadalona.cat\/wp-content\/uploads\/2023\/07\/MG_1901-Web-1-1024x682.jpg 1024w, https:\/\/marinabadalona.cat\/wp-content\/uploads\/2023\/07\/MG_1901-Web-1-300x200.jpg 300w, https:\/\/marinabadalona.cat\/wp-content\/uploads\/2023\/07\/MG_1901-Web-1-768x512.jpg 768w, https:\/\/marinabadalona.cat\/wp-content\/uploads\/2023\/07\/MG_1901-Web-1-391x260.jpg 391w, https:\/\/marinabadalona.cat\/wp-content\/uploads\/2023\/07\/MG_1901-Web-1-600x400.jpg 600w, https:\/\/marinabadalona.cat\/wp-content\/uploads\/2023\/07\/MG_1901-Web-1.jpg 1400w\" sizes=\"auto, (max-width: 1024px) 100vw, 1024px\" \/><\/figure>\n\n<p><strong>La Copa Am\u00e9rica, una oportunidad para atraer talento e innovaci\u00f3n<\/strong><\/p>\n\n<p>El nuevo muelle de Capitan\u00eda, junto con otras iniciativas como el Blue Tech Port de Barcelona, \u200b\u200bdemuestra la voluntad de los puertos metropolitanos de situarse como referentes de la econom\u00eda azul a nivel internacional. En este sentido, la proximidad del puerto de Badalona con el futuro cl\u00faster audiovisual de las Tres Chimeneas lo convierte en un emplazamiento \u00fanico que permitir\u00e1 reforzar su potencialidad desde el punto de vista econ\u00f3mico y atraer a empresas emergentes y profesionales de sectores como la biotecnolog\u00eda aplicada al medio marino, la rob\u00f3tica mar\u00edtima o la descarbonizaci\u00f3n del sector mar\u00edtimo.<\/p>\n\n<p>Adem\u00e1s, la celebraci\u00f3n de la Copa Am\u00e9rica de vela, que se celebrar\u00e1 el pr\u00f3ximo a\u00f1o en la capital catalana, pretende ser un elemento tractor de innovaci\u00f3n y talento en el sector tecnol\u00f3gico aplicado a la econom\u00eda azul. Por eso, Sanz informa que en los pr\u00f3ximos meses el puerto de Badalona har\u00e1 una prospecci\u00f3n y la primera implantaci\u00f3n de espacios coworking para el desarrollo de este evento deportivo.<\/p>\n","protected":false},"excerpt":{"rendered":"<p>Badalona, \u200b\u200b11 de julio de 2023. El Puerto de Badalona avanza en su reconversi\u00f3n hacia la econom\u00eda azul. En este sentido, una de las l\u00edneas estrat\u00e9gicas del puerto del futuro es ser el polo de desarrollo econ\u00f3mico y social de la ciudad y consolidarse y convertirse en punto de atracci\u00f3n de referencia en digitalizaci\u00f3n. Para cumplir este objetivo el puerto trabaja desde hace a\u00f1os en su posicionamiento como referente en la econom\u00eda azul y como centro de captaci\u00f3n de talento, de competitividad y de nuevas industrias. El nuevo plan especial de usos del puerto, que inici\u00f3 su tramitaci\u00f3n en 2022 con un extenso proceso participativo, hace especial \u00e9nfasis en convertir el puerto de Badalona en un polo de desarrollo digital en el \u00e1mbito del mar. Por eso, sus responsables trabajan en la reconversi\u00f3n de las instalaciones del muelle de Capitan\u00eda en un hub dedicado \u00edntegramente a la econom\u00eda azul que reconozca la importancia del mar y los oc\u00e9anos como motor de la econom\u00eda desde una vertiente sostenible. El puerto de Badalona, referente en I+D+i En este nuevo espacio se contempla habilitar un coworking de 4000 m2 y un espacio de oficinas para la instalaci\u00f3n de startups y profesionales. Imanol Sanz, [&hellip;]<\/p>\n","protected":false},"author":3,"featured_media":36861,"comment_status":"open","ping_status":"open","sticky":false,"template":"","format":"standard","meta":{"footnotes":""},"categories":[85,84],"tags":[205,206,204],"class_list":["post-36863","post","type-post","status-publish","format-standard","has-post-thumbnail","hentry","category-actualidad","category-noticias","tag-marina-badalona-es","tag-plan-de-usos","tag-port-badalona-es"],"_links":{"self":[{"href":"https:\/\/marinabadalona.cat\/es\/wp-json\/wp\/v2\/posts\/36863","targetHints":{"allow":["GET"]}}],"collection":[{"href":"https:\/\/marinabadalona.cat\/es\/wp-json\/wp\/v2\/posts"}],"about":[{"href":"https:\/\/marinabadalona.cat\/es\/wp-json\/wp\/v2\/types\/post"}],"author":[{"embeddable":true,"href":"https:\/\/marinabadalona.cat\/es\/wp-json\/wp\/v2\/users\/3"}],"replies":[{"embeddable":true,"href":"https:\/\/marinabadalona.cat\/es\/wp-json\/wp\/v2\/comments?post=36863"}],"version-history":[{"count":1,"href":"https:\/\/marinabadalona.cat\/es\/wp-json\/wp\/v2\/posts\/36863\/revisions"}],"predecessor-version":[{"id":36864,"href":"https:\/\/marinabadalona.cat\/es\/wp-json\/wp\/v2\/posts\/36863\/revisions\/36864"}],"wp:featuredmedia":[{"embeddable":true,"href":"https:\/\/marinabadalona.cat\/es\/wp-json\/wp\/v2\/media\/36861"}],"wp:attachment":[{"href":"https:\/\/marinabadalona.cat\/es\/wp-json\/wp\/v2\/media?parent=36863"}],"wp:term":[{"taxonomy":"category","embeddable":true,"href":"https:\/\/marinabadalona.cat\/es\/wp-json\/wp\/v2\/categories?post=36863"},{"taxonomy":"post_tag","embeddable":true,"href":"https:\/\/marinabadalona.cat\/es\/wp-json\/wp\/v2\/tags?post=36863"}],"curies":[{"name":"wp","href":"https:\/\/api.w.org\/{rel}","templated":true}]}}