
{"id":38273,"date":"2024-07-01T13:48:38","date_gmt":"2024-07-01T11:48:38","guid":{"rendered":"https:\/\/marinabadalona.cat\/2024\/07\/01\/el-puerto-de-badalona-da-la-bienvenida-a-los-equipos-de-la-americas-cup\/"},"modified":"2024-07-01T13:48:39","modified_gmt":"2024-07-01T11:48:39","slug":"el-puerto-de-badalona-da-la-bienvenida-a-los-equipos-de-la-americas-cup","status":"publish","type":"post","link":"https:\/\/marinabadalona.cat\/es\/2024\/07\/01\/el-puerto-de-badalona-da-la-bienvenida-a-los-equipos-de-la-americas-cup\/","title":{"rendered":"El Puerto de Badalona da la bienvenida a los equipos de la America\u2019s Cup"},"content":{"rendered":"\n<p><strong>Tres conjuntos que participar\u00e1n en las competiciones femenina y juvenil tienen su base de entrenamiento en las instalaciones badalonesas<\/strong><\/p>\n\n<p>El Hotel Marina Badalona fue el escenario de la presentaci\u00f3n oficial de los tres equipos de la America\u2019s Cup que han elegido el Puerto de Badalona para prepararse para la competici\u00f3n. Se trata de Athena Pathway representante de Gran Breta\u00f1a; el American Magic, representante de Estados Unidos; y el Artemis Technologies, representante de Suecia, que competir\u00e1n en las pruebas femenina y juvenil de uno de los eventos deportivos m\u00e1s importantes del mundo.<\/p>\n\n<p>La edici\u00f3n de 2024 de la America\u2019s Cup que se celebra en Barcelona pasar\u00e1 a la historia como la primera en que se celebra una competici\u00f3n exclusivamente femenina, que se disputar\u00e1 entre los d\u00edas 28 de septiembre y 13 de octubre en el mismo campo de regatas que la competici\u00f3n masculina. Un hito tras 137 a\u00f1os de historia de la prueba. La categor\u00eda juvenil, que es mixta e incluye a participantes de entre 18 y 26 a\u00f1os, llega este a\u00f1o a su tercera edici\u00f3n, que se celebrar\u00e1 del 17 al 26 de septiembre.<\/p>\n\n<p>Badalona, ciudad con gran tradici\u00f3n marinera y donde naci\u00f3 el pat\u00edn a vela, se convertir\u00e1 durante los pr\u00f3ximos meses en la segunda ciudad de referencia de la competici\u00f3n gracias a su proximidad con la capital catalana y la buena comunicaci\u00f3n.<\/p>\n\n<p>El acto de presentaci\u00f3n cont\u00f3 con la presencia del alcalde de Badalona, Xavier Garc\u00eda Albiol; la segunda teniente de alcald\u00eda en el \u00c1mbito de Impulso Econ\u00f3mico y de Ciudad, Trabajo, Cultura, Ciudadan\u00eda y Gobierno, Cristina Ag\u00fcera, y el gerente de Marina Badalona, Imanol Sanz. <\/p>\n\n<p>Durante la presentaci\u00f3n de los equipos, el alcalde de Badalona, Xavier Garcia Albiol, dio la bienvenida a la ciudad a los integrantes de los tres conjuntos y entreg\u00f3 una figura del An\u00eds del Mono cada uno de los equipos. El alcalde les invit\u00f3 a conocer los sitios m\u00e1s emblem\u00e1ticos de Badalona ya llevarse un buen recuerdo de la ciudad cuando regresen a casa. Tambi\u00e9n les dese\u00f3 mucha suerte en las regatas y \u00abque Badalona sea una ciudad talism\u00e1n para todos ellos\u00bb. \u00abEn Badalona queremos que los tres equipos se sientan muy bien acogidos y les ofrecemos lo mejor que tenemos, que es nuestra hospitalidad\u00bb, concluy\u00f3 el alcalde.<\/p>\n\n<p>Por su parte, las representantes de cada equipo declararon estar encantadas en la ciudad y valoraron las instalaciones del puerto, que les est\u00e1n permitiendo entrenarse en las mejores condiciones.<\/p>\n\n<figure class=\"wp-block-image size-large\"><img loading=\"lazy\" decoding=\"async\" width=\"1024\" height=\"771\" src=\"https:\/\/marinabadalona.cat\/wp-content\/uploads\/2024\/07\/CopaAmerica-Badalona-2-1024x771.jpg\" alt=\"\" class=\"wp-image-38264\" srcset=\"https:\/\/marinabadalona.cat\/wp-content\/uploads\/2024\/07\/CopaAmerica-Badalona-2-1024x771.jpg 1024w, https:\/\/marinabadalona.cat\/wp-content\/uploads\/2024\/07\/CopaAmerica-Badalona-2-300x226.jpg 300w, https:\/\/marinabadalona.cat\/wp-content\/uploads\/2024\/07\/CopaAmerica-Badalona-2-768x578.jpg 768w, https:\/\/marinabadalona.cat\/wp-content\/uploads\/2024\/07\/CopaAmerica-Badalona-2-1536x1157.jpg 1536w, https:\/\/marinabadalona.cat\/wp-content\/uploads\/2024\/07\/CopaAmerica-Badalona-2-600x452.jpg 600w, https:\/\/marinabadalona.cat\/wp-content\/uploads\/2024\/07\/CopaAmerica-Badalona-2.jpg 2040w\" sizes=\"auto, (max-width: 1024px) 100vw, 1024px\" \/><\/figure>\n","protected":false},"excerpt":{"rendered":"<p>Tres conjuntos que participar\u00e1n en las competiciones femenina y juvenil tienen su base de entrenamiento en las instalaciones badalonesas<\/p>\n","protected":false},"author":947,"featured_media":38271,"comment_status":"open","ping_status":"open","sticky":false,"template":"","format":"standard","meta":{"footnotes":""},"categories":[1],"tags":[],"class_list":["post-38273","post","type-post","status-publish","format-standard","has-post-thumbnail","hentry","category-sin-categoria"],"_links":{"self":[{"href":"https:\/\/marinabadalona.cat\/es\/wp-json\/wp\/v2\/posts\/38273","targetHints":{"allow":["GET"]}}],"collection":[{"href":"https:\/\/marinabadalona.cat\/es\/wp-json\/wp\/v2\/posts"}],"about":[{"href":"https:\/\/marinabadalona.cat\/es\/wp-json\/wp\/v2\/types\/post"}],"author":[{"embeddable":true,"href":"https:\/\/marinabadalona.cat\/es\/wp-json\/wp\/v2\/users\/947"}],"replies":[{"embeddable":true,"href":"https:\/\/marinabadalona.cat\/es\/wp-json\/wp\/v2\/comments?post=38273"}],"version-history":[{"count":1,"href":"https:\/\/marinabadalona.cat\/es\/wp-json\/wp\/v2\/posts\/38273\/revisions"}],"predecessor-version":[{"id":38274,"href":"https:\/\/marinabadalona.cat\/es\/wp-json\/wp\/v2\/posts\/38273\/revisions\/38274"}],"wp:featuredmedia":[{"embeddable":true,"href":"https:\/\/marinabadalona.cat\/es\/wp-json\/wp\/v2\/media\/38271"}],"wp:attachment":[{"href":"https:\/\/marinabadalona.cat\/es\/wp-json\/wp\/v2\/media?parent=38273"}],"wp:term":[{"taxonomy":"category","embeddable":true,"href":"https:\/\/marinabadalona.cat\/es\/wp-json\/wp\/v2\/categories?post=38273"},{"taxonomy":"post_tag","embeddable":true,"href":"https:\/\/marinabadalona.cat\/es\/wp-json\/wp\/v2\/tags?post=38273"}],"curies":[{"name":"wp","href":"https:\/\/api.w.org\/{rel}","templated":true}]}}